{"id":1447,"date":"2021-10-06T17:44:29","date_gmt":"2021-10-06T20:44:29","guid":{"rendered":"https:\/\/www.mprinformatica.com.br\/blog\/?p=1447"},"modified":"2021-10-06T17:44:48","modified_gmt":"2021-10-06T20:44:48","slug":"tabela-formatacao-excel","status":"publish","type":"post","link":"https:\/\/www.mprinformatica.com.br\/blog\/2021\/10\/06\/tabela-formatacao-excel\/","title":{"rendered":"Como Remover Formata\u00e7\u00e3o como Tabela no Excel"},"content":{"rendered":"\n<p>O recurso de Formata\u00e7\u00e3o como tabela no Excel parece apenas uma simples mudan\u00e7a de est\u00e9tica nas c\u00e9lulas de uma planilha, acrescentada de um filtro comum. A formata\u00e7\u00e3o como Tabela pode ser feita manualmente ou quando se utiliza a ferramenta de tratamento de dados Power Query. <\/p>\n\n\n\n<p>Ao se usar um pouco mais esse recurso, tal como criar f\u00f3rmulas que usam valores nessa tabela, percebe-se que as f\u00f3rmulas criadas s\u00e3o diferentes das tradicionais do Excel. \u00c9 um modo mais novo e alternativo de criar f\u00f3rmulas, tamb\u00e9m usado em programas como o Power BI. <\/p>\n\n\n\n<p>Entretanto, a maioria dos usu\u00e1rios de Excel n\u00e3o conhece esse modo de cria\u00e7\u00e3o de f\u00f3rmulas e prefere usar o modo tradicional, que usa endere\u00e7os como A1, A2, B3 etc. Neste v\u00eddeo \u00e9 mostrado como remover a Formata\u00e7\u00e3o como Tabela, transformando em um intervalo de dados tradicional.<\/p>\n\n\n<p><iframe loading=\"lazy\" width=\"560\" height=\"315\" src=\"https:\/\/www.youtube.com\/embed\/D7HGDrWE80M\" title=\"YouTube video player\" frameborder=\"0\" allow=\"accelerometer; autoplay; clipboard-write; encrypted-media; gyroscope; picture-in-picture\" allowfullscreen=\"\"><\/iframe><\/p>\n\n\n<p>Quer conhecer a nossa escola, e verificar como \u00e9 o nosso m\u00e9todo de ensino, em que voc\u00ea faz as aulas no seu ritmo e nos hor\u00e1rios que voc\u00ea escolher com atendimento personalizado? Agende uma aula teste gratuita, preenchendo o formul\u00e1rio:&nbsp;<a href=\"https:\/\/www.mprinformatica.com.br\/\" target=\"_blank\" rel=\"noreferrer noopener\">https:\/\/www.mprinformatica.com.br<\/a><\/p>\n\n\n\n<p>Confira o nosso Curso de Excel Avan\u00e7ado: Presencial (S\u00e3o Paulo):&nbsp;<a href=\"https:\/\/www.mprinformatica.com.br\/excelavancado2007.html\" target=\"_blank\" rel=\"noreferrer noopener\">https:\/\/www.mprinformatica.com.br\/exc\u2026<\/a><br>Aulas particulares On-line:<br><a href=\"https:\/\/www.mprinformatica.com.br\/excel-avancado-particular.html\" target=\"_blank\" rel=\"noreferrer noopener\">https:\/\/www.mprinformatica.com.br\/exc\u2026<\/a><\/p>\n\n\n\n<p><strong>Nossos contatos:<\/strong><br>\u2713&nbsp;<strong>WhatsApp:<\/strong>&nbsp;\u2192&nbsp;<a href=\"https:\/\/api.whatsapp.com\/send?phone=+5511975648538&amp;text=Gostaria%20de%20mais%20informa%C3%A7%C3%B5es.%20Meu%20nome%20%C3%A9:\" target=\"_blank\" rel=\"noreferrer noopener\">(11)&nbsp;<strong>97564-8538<\/strong><\/a><br>\u2713&nbsp;<strong>E-mail:<\/strong>&nbsp;\u2192&nbsp;<a href=\"mailto:contato@mprinformatica.com.br\" target=\"_blank\" rel=\"noreferrer noopener\">contato@mprinformatica.com.br<\/a><br>\u2713&nbsp;<strong>Site:<\/strong>&nbsp;\u2192&nbsp;<a href=\"https:\/\/www.mprinformatica.com.br\/\" target=\"_blank\" rel=\"noreferrer noopener\">https:\/\/www.mprinformatica.com.br\/<\/a><\/p>\n\n\n\n<p><strong>Nossas redes sociais:<\/strong><br>\u2713&nbsp;<strong>Instagram<\/strong>&nbsp;\u2192&nbsp;<a href=\"https:\/\/www.instagram.com\/mprinformatica\" target=\"_blank\" rel=\"noreferrer noopener\">https:\/\/www.instagram.com\/mprinformatica<\/a><br>\u2713&nbsp;<strong>Facebook<\/strong>&nbsp;\u2192&nbsp;<a href=\"https:\/\/www.facebook.com\/mprinformatica\" target=\"_blank\" rel=\"noreferrer noopener\">https:\/\/www.facebook.com\/mprinformatica<\/a><br>\u2713&nbsp;<strong>YouTube<\/strong>&nbsp;\u2192&nbsp;<a href=\"https:\/\/www.youtube.com\/mprinformatica\" target=\"_blank\" rel=\"noreferrer noopener\">https:\/\/www.youtube.com\/mprinformatica<\/a><\/p>\n","protected":false},"excerpt":{"rendered":"<p>Muitos usu\u00e1rios do Excel n\u00e3o conhecem a Formata\u00e7\u00e3o como Tabela e prefere usar o modo tradicional. Por isso, h\u00e1 como remover esta formata\u00e7\u00e3o.<\/p>\n","protected":false},"author":1,"featured_media":0,"comment_status":"open","ping_status":"open","sticky":false,"template":"","format":"standard","meta":[],"categories":[8,4],"tags":[79,484],"_links":{"self":[{"href":"https:\/\/www.mprinformatica.com.br\/blog\/wp-json\/wp\/v2\/posts\/1447"}],"collection":[{"href":"https:\/\/www.mprinformatica.com.br\/blog\/wp-json\/wp\/v2\/posts"}],"about":[{"href":"https:\/\/www.mprinformatica.com.br\/blog\/wp-json\/wp\/v2\/types\/post"}],"author":[{"embeddable":true,"href":"https:\/\/www.mprinformatica.com.br\/blog\/wp-json\/wp\/v2\/users\/1"}],"replies":[{"embeddable":true,"href":"https:\/\/www.mprinformatica.com.br\/blog\/wp-json\/wp\/v2\/comments?post=1447"}],"version-history":[{"count":1,"href":"https:\/\/www.mprinformatica.com.br\/blog\/wp-json\/wp\/v2\/posts\/1447\/revisions"}],"predecessor-version":[{"id":1448,"href":"https:\/\/www.mprinformatica.com.br\/blog\/wp-json\/wp\/v2\/posts\/1447\/revisions\/1448"}],"wp:attachment":[{"href":"https:\/\/www.mprinformatica.com.br\/blog\/wp-json\/wp\/v2\/media?parent=1447"}],"wp:term":[{"taxonomy":"category","embeddable":true,"href":"https:\/\/www.mprinformatica.com.br\/blog\/wp-json\/wp\/v2\/categories?post=1447"},{"taxonomy":"post_tag","embeddable":true,"href":"https:\/\/www.mprinformatica.com.br\/blog\/wp-json\/wp\/v2\/tags?post=1447"}],"curies":[{"name":"wp","href":"https:\/\/api.w.org\/{rel}","templated":true}]}}