{"id":1465,"date":"2021-10-11T16:19:59","date_gmt":"2021-10-11T19:19:59","guid":{"rendered":"https:\/\/www.mprinformatica.com.br\/blog\/?p=1465"},"modified":"2021-10-11T16:20:04","modified_gmt":"2021-10-11T19:20:04","slug":"adobe-color-powerpoint","status":"publish","type":"post","link":"https:\/\/www.mprinformatica.com.br\/blog\/2021\/10\/11\/adobe-color-powerpoint\/","title":{"rendered":"Como Usar o PowerPoint com Adobe Color"},"content":{"rendered":"\n<p>A escolha correta e equilibrada de cores em uma apresenta\u00e7\u00e3o feita no PowerPoint tem rela\u00e7\u00e3o com as cores que a empresa utiliza e com a combina\u00e7\u00e3o harm\u00f4nica de cores.<\/p>\n\n\n\n<p>O PowerPoint possui alguns temas com paletas de cores e nesse v\u00eddeo \u00e9 mostrado como alterar as cores de um tema. Tamb\u00e9m ser\u00e1 apresentado como usar o c\u00edrculo crom\u00e1tico para escolha de cores atrav\u00e9s de um site profissional, completo e ao mesmo tempo simples de usar.<\/p>\n\n\n<p><iframe loading=\"lazy\" width=\"560\" height=\"315\" src=\"https:\/\/www.youtube.com\/embed\/HuZ_0SkVccM\" title=\"YouTube video player\" frameborder=\"0\" allow=\"accelerometer; autoplay; clipboard-write; encrypted-media; gyroscope; picture-in-picture\" allowfullscreen=\"\"><\/iframe><\/p>\n\n\n<p>Quer conhecer a nossa escola, e verificar como \u00e9 o nosso m\u00e9todo de ensino, em que voc\u00ea faz as aulas no seu ritmo e nos hor\u00e1rios que voc\u00ea escolher com atendimento personalizado? Agende uma aula teste gratuita, preenchendo o formul\u00e1rio:&nbsp;<a href=\"https:\/\/www.mprinformatica.com.br\/\" target=\"_blank\" rel=\"noreferrer noopener\">https:\/\/www.mprinformatica.com.br<\/a><\/p>\n\n\n\n<p>Confira o nosso Curso de PowerPoint Avan\u00e7ado: Presencial (S\u00e3o Paulo):&nbsp;<a href=\"https:\/\/www.mprinformatica.com.br\/powerpointavancado.html\" target=\"_blank\" rel=\"noreferrer noopener\">https:\/\/www.mprinformatica.com.br\/exc\u2026<\/a><br>Aulas particulares On-line:<br><a href=\"https:\/\/www.mprinformatica.com.br\/powerpoint-avancado-particular.html\" target=\"_blank\" rel=\"noreferrer noopener\">https:\/\/www.mprinformatica.com.br\/exc\u2026<\/a><\/p>\n\n\n\n<p><strong>Nossos contatos:<\/strong><br>\u2713&nbsp;<strong>WhatsApp:<\/strong>&nbsp;\u2192&nbsp;<a href=\"https:\/\/api.whatsapp.com\/send?phone=+5511975648538&amp;text=Gostaria%20de%20mais%20informa%C3%A7%C3%B5es.%20Meu%20nome%20%C3%A9:\" target=\"_blank\" rel=\"noreferrer noopener\">(11)&nbsp;<strong>97564-8538<\/strong><\/a><br>\u2713&nbsp;<strong>E-mail:<\/strong>&nbsp;\u2192&nbsp;<a href=\"mailto:contato@mprinformatica.com.br\" target=\"_blank\" rel=\"noreferrer noopener\">contato@mprinformatica.com.br<\/a><br>\u2713&nbsp;<strong>Site:<\/strong>&nbsp;\u2192&nbsp;<a href=\"https:\/\/www.mprinformatica.com.br\/\" target=\"_blank\" rel=\"noreferrer noopener\">https:\/\/www.mprinformatica.com.br\/<\/a><\/p>\n\n\n\n<p><strong>Nossas redes sociais:<\/strong><br>\u2713&nbsp;<strong>Instagram<\/strong>&nbsp;\u2192&nbsp;<a href=\"https:\/\/www.instagram.com\/mprinformatica\" target=\"_blank\" rel=\"noreferrer noopener\">https:\/\/www.instagram.com\/mprinformatica<\/a><br>\u2713&nbsp;<strong>Facebook<\/strong>&nbsp;\u2192&nbsp;<a href=\"https:\/\/www.facebook.com\/mprinformatica\" target=\"_blank\" rel=\"noreferrer noopener\">https:\/\/www.facebook.com\/mprinformatica<\/a><br>\u2713&nbsp;<strong>YouTube<\/strong>&nbsp;\u2192&nbsp;<a href=\"https:\/\/www.youtube.com\/mprinformatica\" target=\"_blank\" rel=\"noreferrer noopener\">https:\/\/www.youtube.com\/mprinformatica<\/a><\/p>\n","protected":false},"excerpt":{"rendered":"<p>O PowerPoint possui alguns temas com paletas de cores e \u00e9 poss\u00edvel alterar as cores de um tema, com o aux\u00edlio de um c\u00edrculo crom\u00e1tico.<\/p>\n","protected":false},"author":1,"featured_media":0,"comment_status":"open","ping_status":"open","sticky":false,"template":"","format":"standard","meta":[],"categories":[19,4],"tags":[62],"_links":{"self":[{"href":"https:\/\/www.mprinformatica.com.br\/blog\/wp-json\/wp\/v2\/posts\/1465"}],"collection":[{"href":"https:\/\/www.mprinformatica.com.br\/blog\/wp-json\/wp\/v2\/posts"}],"about":[{"href":"https:\/\/www.mprinformatica.com.br\/blog\/wp-json\/wp\/v2\/types\/post"}],"author":[{"embeddable":true,"href":"https:\/\/www.mprinformatica.com.br\/blog\/wp-json\/wp\/v2\/users\/1"}],"replies":[{"embeddable":true,"href":"https:\/\/www.mprinformatica.com.br\/blog\/wp-json\/wp\/v2\/comments?post=1465"}],"version-history":[{"count":1,"href":"https:\/\/www.mprinformatica.com.br\/blog\/wp-json\/wp\/v2\/posts\/1465\/revisions"}],"predecessor-version":[{"id":1466,"href":"https:\/\/www.mprinformatica.com.br\/blog\/wp-json\/wp\/v2\/posts\/1465\/revisions\/1466"}],"wp:attachment":[{"href":"https:\/\/www.mprinformatica.com.br\/blog\/wp-json\/wp\/v2\/media?parent=1465"}],"wp:term":[{"taxonomy":"category","embeddable":true,"href":"https:\/\/www.mprinformatica.com.br\/blog\/wp-json\/wp\/v2\/categories?post=1465"},{"taxonomy":"post_tag","embeddable":true,"href":"https:\/\/www.mprinformatica.com.br\/blog\/wp-json\/wp\/v2\/tags?post=1465"}],"curies":[{"name":"wp","href":"https:\/\/api.w.org\/{rel}","templated":true}]}}