{"id":1537,"date":"2022-03-02T18:10:08","date_gmt":"2022-03-02T21:10:08","guid":{"rendered":"https:\/\/www.mprinformatica.com.br\/blog\/?p=1537"},"modified":"2022-03-21T20:03:09","modified_gmt":"2022-03-21T23:03:09","slug":"formatar-tabela-dinamica","status":"publish","type":"post","link":"https:\/\/www.mprinformatica.com.br\/blog\/2022\/03\/02\/formatar-tabela-dinamica\/","title":{"rendered":"D\u00favidas de Alunos e Inscritos #1: Problema de Formata\u00e7\u00e3o na Tabela Din\u00e2mica"},"content":{"rendered":"\n<p>Ol\u00e1 pessoal, bem vindos ao canal da Escola de Inform\u00e1tica MPR. Estamos iniciando uma s\u00e9rie que responde \u00e0s d\u00favidas dos alunos e dos inscritos no canal. Neste v\u00eddeo, ser\u00e1 respondida a d\u00favida da aluna Tha\u00eds, que est\u00e1 com problema na formata\u00e7\u00e3o da tabela din\u00e2mica. Ela quer eliminar a palavra (vazio) que aparece na tabela din\u00e2mica, quando algum item n\u00e3o existe, e tamb\u00e9m n\u00e3o consegue formatar datas.<\/p>\n\n\n<p><iframe loading=\"lazy\" width=\"560\" height=\"315\" src=\"https:\/\/www.youtube.com\/embed\/VodKCaqv8ck\" title=\"YouTube video player\" frameborder=\"0\" allow=\"accelerometer; autoplay; clipboard-write; encrypted-media; gyroscope; picture-in-picture\" allowfullscreen=\"\"><\/iframe><\/p>\n\n\n<p>Quer conhecer a nossa escola, e verificar como \u00e9 o nosso m\u00e9todo de ensino, em que voc\u00ea faz as aulas no seu ritmo e nos hor\u00e1rios que voc\u00ea escolher com atendimento personalizado? Agende uma aula teste gratuita, preenchendo o formul\u00e1rio:&nbsp;<a href=\"https:\/\/www.mprinformatica.com.br\/\" target=\"_blank\" rel=\"noreferrer noopener\">https:\/\/www.mprinformatica.com.br<\/a><\/p>\n\n\n\n<p>Confira o nosso Curso de Excel Avan\u00e7ado: Presencial (S\u00e3o Paulo):&nbsp;<a href=\"https:\/\/www.mprinformatica.com.br\/excelavancado2007.html\" target=\"_blank\" rel=\"noreferrer noopener\">https:\/\/www.mprinformatica.com.br\/exc\u2026<\/a><br>Aulas particulares On-line:<br><a href=\"https:\/\/www.mprinformatica.com.br\/excel-avancado-particular.html\" target=\"_blank\" rel=\"noreferrer noopener\">https:\/\/www.mprinformatica.com.br\/exc\u2026<\/a><\/p>\n\n\n\n<p><strong>Nossos contatos:<\/strong><br>\u2713&nbsp;<strong>WhatsApp:<\/strong>&nbsp;\u2192&nbsp;<a href=\"https:\/\/api.whatsapp.com\/send?phone=+5511975648538&amp;text=Gostaria%20de%20mais%20informa%C3%A7%C3%B5es.%20Meu%20nome%20%C3%A9:\" target=\"_blank\" rel=\"noreferrer noopener\">(11)&nbsp;<strong>97564-8538<\/strong><\/a><br>\u2713&nbsp;<strong>E-mail:<\/strong>&nbsp;\u2192&nbsp;<a href=\"mailto:contato@mprinformatica.com.br\" target=\"_blank\" rel=\"noreferrer noopener\">contato@mprinformatica.com.br<\/a><br>\u2713&nbsp;<strong>Site:<\/strong>&nbsp;\u2192&nbsp;<a href=\"https:\/\/www.mprinformatica.com.br\/\" target=\"_blank\" rel=\"noreferrer noopener\">https:\/\/www.mprinformatica.com.br\/<\/a><\/p>\n\n\n\n<p><strong>Nossas redes sociais:<\/strong><br>\u2713&nbsp;<strong>Instagram<\/strong>&nbsp;\u2192&nbsp;<a href=\"https:\/\/www.instagram.com\/mprinformatica\" target=\"_blank\" rel=\"noreferrer noopener\">https:\/\/www.instagram.com\/mprinformatica<\/a><br>\u2713&nbsp;<strong>Facebook<\/strong>&nbsp;\u2192&nbsp;<a href=\"https:\/\/www.facebook.com\/mprinformatica\" target=\"_blank\" rel=\"noreferrer noopener\">https:\/\/www.facebook.com\/mprinformatica<\/a><br>\u2713&nbsp;<strong>YouTube<\/strong>&nbsp;\u2192&nbsp;<a href=\"https:\/\/www.youtube.com\/mprinformatica\" target=\"_blank\" rel=\"noreferrer noopener\">https:\/\/www.youtube.com\/mprinformatica<\/a><\/p>\n","protected":false},"excerpt":{"rendered":"<p>Ol\u00e1 pessoal, bem vindos ao canal da Escola de Inform\u00e1tica MPR. Estamos iniciando uma s\u00e9rie que responde \u00e0s d\u00favidas dos alunos e dos inscritos no canal. Neste v\u00eddeo, ser\u00e1 respondida a d\u00favida da aluna Tha\u00eds, que est\u00e1 com problema na formata\u00e7\u00e3o da tabela din\u00e2mica. Ela quer eliminar a palavra (vazio) que aparece na tabela din\u00e2mica, &hellip; <a href=\"https:\/\/www.mprinformatica.com.br\/blog\/2022\/03\/02\/formatar-tabela-dinamica\/\" class=\"more-link\">Continuar lendo <span class=\"screen-reader-text\">D\u00favidas de Alunos e Inscritos #1: Problema de Formata\u00e7\u00e3o na Tabela Din\u00e2mica<\/span><\/a><\/p>\n","protected":false},"author":1,"featured_media":0,"comment_status":"open","ping_status":"open","sticky":false,"template":"","format":"standard","meta":[],"categories":[8,4],"tags":[79,117,484],"_links":{"self":[{"href":"https:\/\/www.mprinformatica.com.br\/blog\/wp-json\/wp\/v2\/posts\/1537"}],"collection":[{"href":"https:\/\/www.mprinformatica.com.br\/blog\/wp-json\/wp\/v2\/posts"}],"about":[{"href":"https:\/\/www.mprinformatica.com.br\/blog\/wp-json\/wp\/v2\/types\/post"}],"author":[{"embeddable":true,"href":"https:\/\/www.mprinformatica.com.br\/blog\/wp-json\/wp\/v2\/users\/1"}],"replies":[{"embeddable":true,"href":"https:\/\/www.mprinformatica.com.br\/blog\/wp-json\/wp\/v2\/comments?post=1537"}],"version-history":[{"count":1,"href":"https:\/\/www.mprinformatica.com.br\/blog\/wp-json\/wp\/v2\/posts\/1537\/revisions"}],"predecessor-version":[{"id":1538,"href":"https:\/\/www.mprinformatica.com.br\/blog\/wp-json\/wp\/v2\/posts\/1537\/revisions\/1538"}],"wp:attachment":[{"href":"https:\/\/www.mprinformatica.com.br\/blog\/wp-json\/wp\/v2\/media?parent=1537"}],"wp:term":[{"taxonomy":"category","embeddable":true,"href":"https:\/\/www.mprinformatica.com.br\/blog\/wp-json\/wp\/v2\/categories?post=1537"},{"taxonomy":"post_tag","embeddable":true,"href":"https:\/\/www.mprinformatica.com.br\/blog\/wp-json\/wp\/v2\/tags?post=1537"}],"curies":[{"name":"wp","href":"https:\/\/api.w.org\/{rel}","templated":true}]}}