{"id":1676,"date":"2023-03-16T15:43:13","date_gmt":"2023-03-16T18:43:13","guid":{"rendered":"https:\/\/www.mprinformatica.com.br\/blog\/?p=1676"},"modified":"2023-03-16T15:45:17","modified_gmt":"2023-03-16T18:45:17","slug":"como-criar-a-tabela-calendario-no-power-bi","status":"publish","type":"post","link":"https:\/\/www.mprinformatica.com.br\/blog\/2023\/03\/16\/como-criar-a-tabela-calendario-no-power-bi\/","title":{"rendered":"Como Criar a Tabela Calend\u00e1rio no Power BI"},"content":{"rendered":"\n<p>A tabela Calend\u00e1rio \u00e9 componente indispens\u00e1vel para a utiliza\u00e7\u00e3o do Power BI com as fun\u00e7\u00f5es de intelig\u00eancia de tempo e para relacionar tabelas atrav\u00e9s de campos de datas. <\/p>\n\n\n\n<p>De in\u00edcio isso pode parecer estranho para usu\u00e1rios de Excel, porque no Excel n\u00e3o \u00e9 preciso criar tabelas de datas, por\u00e9m o Power BI exige a cria\u00e7\u00e3o e o uso de tabelas de calend\u00e1rio. <\/p>\n\n\n\n<p>Em contrapartida ele oferece in\u00fameros recursos n\u00e3o dispon\u00edveis no Excel. <\/p>\n\n\n\n<figure class=\"wp-block-embed is-type-video is-provider-youtube wp-block-embed-youtube wp-embed-aspect-16-9 wp-has-aspect-ratio\"><div class=\"wp-block-embed__wrapper\">\n<iframe loading=\"lazy\" title=\"Como Criar a Tabela Calend\u00e1rio no Power BI\" width=\"660\" height=\"371\" src=\"https:\/\/www.youtube.com\/embed\/qgdjB4c2sU8?feature=oembed\" frameborder=\"0\" allow=\"accelerometer; autoplay; clipboard-write; encrypted-media; gyroscope; picture-in-picture; web-share\" allowfullscreen><\/iframe>\n<\/div><\/figure>\n\n\n\n<p>Quer aprender mais sobre o Power BI e conhecer essa importante ferramenta que est\u00e1 revolucionando a forma de compartilhar relat\u00f3rios?<\/p>\n\n\n\n<p><a href=\"https:\/\/api.whatsapp.com\/send?phone=5511975648538&amp;text=Via%20blog%20Tenho%20interesse%20sobre%20cursos.%20Meu%20nome%20%C3%A9\" target=\"_blank\" rel=\"noreferrer noopener\">Agende uma aula teste gratuita.<\/a><\/p>\n\n\n\n<p><a href=\"https:\/\/www.mprinformatica.com.br\/powerbi-essencial.html\" target=\"_blank\" rel=\"noreferrer noopener\">Curso de Power BI presencial em S\u00e3o Paulo<\/a><\/p>\n\n\n\n<p><a href=\"https:\/\/www.mprinformatica.com.br\/powerbi-essencial-particular.html\" target=\"_blank\" rel=\"noreferrer noopener\">Curso de Power BI particular ao vivo<\/a><a href=\"https:\/\/www.youtube.com\/@mprinformatica\"><\/a><\/p>\n","protected":false},"excerpt":{"rendered":"<p>A tabela Calend\u00e1rio \u00e9 componente indispens\u00e1vel para a utiliza\u00e7\u00e3o do Power BI com as fun\u00e7\u00f5es de intelig\u00eancia de tempo e para relacionar tabelas atrav\u00e9s de campos de datas. De in\u00edcio isso pode parecer estranho para usu\u00e1rios de Excel, porque no Excel n\u00e3o \u00e9 preciso criar tabelas de datas, por\u00e9m o Power BI exige a cria\u00e7\u00e3o &hellip; <a href=\"https:\/\/www.mprinformatica.com.br\/blog\/2023\/03\/16\/como-criar-a-tabela-calendario-no-power-bi\/\" class=\"more-link\">Continuar lendo <span class=\"screen-reader-text\">Como Criar a Tabela Calend\u00e1rio no Power BI<\/span><\/a><\/p>\n","protected":false},"author":1,"featured_media":0,"comment_status":"open","ping_status":"open","sticky":false,"template":"","format":"standard","meta":[],"categories":[413],"tags":[511],"_links":{"self":[{"href":"https:\/\/www.mprinformatica.com.br\/blog\/wp-json\/wp\/v2\/posts\/1676"}],"collection":[{"href":"https:\/\/www.mprinformatica.com.br\/blog\/wp-json\/wp\/v2\/posts"}],"about":[{"href":"https:\/\/www.mprinformatica.com.br\/blog\/wp-json\/wp\/v2\/types\/post"}],"author":[{"embeddable":true,"href":"https:\/\/www.mprinformatica.com.br\/blog\/wp-json\/wp\/v2\/users\/1"}],"replies":[{"embeddable":true,"href":"https:\/\/www.mprinformatica.com.br\/blog\/wp-json\/wp\/v2\/comments?post=1676"}],"version-history":[{"count":2,"href":"https:\/\/www.mprinformatica.com.br\/blog\/wp-json\/wp\/v2\/posts\/1676\/revisions"}],"predecessor-version":[{"id":1679,"href":"https:\/\/www.mprinformatica.com.br\/blog\/wp-json\/wp\/v2\/posts\/1676\/revisions\/1679"}],"wp:attachment":[{"href":"https:\/\/www.mprinformatica.com.br\/blog\/wp-json\/wp\/v2\/media?parent=1676"}],"wp:term":[{"taxonomy":"category","embeddable":true,"href":"https:\/\/www.mprinformatica.com.br\/blog\/wp-json\/wp\/v2\/categories?post=1676"},{"taxonomy":"post_tag","embeddable":true,"href":"https:\/\/www.mprinformatica.com.br\/blog\/wp-json\/wp\/v2\/tags?post=1676"}],"curies":[{"name":"wp","href":"https:\/\/api.w.org\/{rel}","templated":true}]}}