{"id":1741,"date":"2023-03-24T19:38:05","date_gmt":"2023-03-24T22:38:05","guid":{"rendered":"https:\/\/www.mprinformatica.com.br\/blog\/?p=1741"},"modified":"2023-03-24T19:38:09","modified_gmt":"2023-03-24T22:38:09","slug":"como-usar-o-grafico-de-faixas-do-power-bi","status":"publish","type":"post","link":"https:\/\/www.mprinformatica.com.br\/blog\/2023\/03\/24\/como-usar-o-grafico-de-faixas-do-power-bi\/","title":{"rendered":"Como Usar o Gr\u00e1fico de Faixas do Power BI"},"content":{"rendered":"\n<p>Neste v\u00eddeo eu mostro como usar o visual de Gr\u00e1fico de Faixas do Power BI. <\/p>\n\n\n\n<p>Esse gr\u00e1fico tem parentesco com o gr\u00e1fico de colunas, mas tem configura\u00e7\u00f5es adicionais, interessantes para classificar s\u00e9ries de dados de acordo com o seu valor. <\/p>\n\n\n\n<p>O Gr\u00e1fico de Faixas \u00e9 conhecido em ingl\u00eas como Ribbon Chart.<\/p>\n\n\n\n<figure class=\"wp-block-embed is-type-video is-provider-youtube wp-block-embed-youtube wp-embed-aspect-16-9 wp-has-aspect-ratio\"><div class=\"wp-block-embed__wrapper\">\n<iframe loading=\"lazy\" title=\"Como Usar o Gr\u00e1fico de Faixas do Power BI\" width=\"660\" height=\"371\" src=\"https:\/\/www.youtube.com\/embed\/4Yyp62UnCvc?feature=oembed\" frameborder=\"0\" allow=\"accelerometer; autoplay; clipboard-write; encrypted-media; gyroscope; picture-in-picture; web-share\" allowfullscreen><\/iframe>\n<\/div><figcaption class=\"wp-element-caption\">Como usar o gr\u00e1fico de faixas do Power BI<\/figcaption><\/figure>\n\n\n\n<p>Quer conhecer a nossa escola, e verificar como \u00e9 o nosso m\u00e9todo de ensino, em que voc\u00ea faz as aulas no seu ritmo e nos hor\u00e1rios que voc\u00ea escolher com atendimento personalizado? <\/p>\n\n\n\n<p><a href=\"https:\/\/api.whatsapp.com\/send?phone=5511975648538&amp;text=Via%20blog%20Tenho%20interesse%20sobre%20cursos.%20Meu%20nome%20%C3%A9\" target=\"_blank\" rel=\"noreferrer noopener\">Agende uma aula teste gratuita.<\/a><a href=\"https:\/\/www.youtube.com\/@mprinformatica\"><\/a><\/p>\n\n\n\n<p><a href=\"https:\/\/www.mprinformatica.com.br\/powerbi-essencial.html\" target=\"_blank\" rel=\"noreferrer noopener\">Buscando por um curso de Power BI presencial em S\u00e3o Paulo com in\u00edcio imediato?<\/a><\/p>\n","protected":false},"excerpt":{"rendered":"<p>Neste v\u00eddeo eu mostro como usar o visual de Gr\u00e1fico de Faixas do Power BI. Esse gr\u00e1fico tem parentesco com o gr\u00e1fico de colunas, mas tem configura\u00e7\u00f5es adicionais, interessantes para classificar s\u00e9ries de dados de acordo com o seu valor. O Gr\u00e1fico de Faixas \u00e9 conhecido em ingl\u00eas como Ribbon Chart. Quer conhecer a nossa &hellip; <a href=\"https:\/\/www.mprinformatica.com.br\/blog\/2023\/03\/24\/como-usar-o-grafico-de-faixas-do-power-bi\/\" class=\"more-link\">Continuar lendo <span class=\"screen-reader-text\">Como Usar o Gr\u00e1fico de Faixas do Power BI<\/span><\/a><\/p>\n","protected":false},"author":1,"featured_media":0,"comment_status":"open","ping_status":"open","sticky":false,"template":"","format":"standard","meta":[],"categories":[413],"tags":[542,511],"_links":{"self":[{"href":"https:\/\/www.mprinformatica.com.br\/blog\/wp-json\/wp\/v2\/posts\/1741"}],"collection":[{"href":"https:\/\/www.mprinformatica.com.br\/blog\/wp-json\/wp\/v2\/posts"}],"about":[{"href":"https:\/\/www.mprinformatica.com.br\/blog\/wp-json\/wp\/v2\/types\/post"}],"author":[{"embeddable":true,"href":"https:\/\/www.mprinformatica.com.br\/blog\/wp-json\/wp\/v2\/users\/1"}],"replies":[{"embeddable":true,"href":"https:\/\/www.mprinformatica.com.br\/blog\/wp-json\/wp\/v2\/comments?post=1741"}],"version-history":[{"count":1,"href":"https:\/\/www.mprinformatica.com.br\/blog\/wp-json\/wp\/v2\/posts\/1741\/revisions"}],"predecessor-version":[{"id":1743,"href":"https:\/\/www.mprinformatica.com.br\/blog\/wp-json\/wp\/v2\/posts\/1741\/revisions\/1743"}],"wp:attachment":[{"href":"https:\/\/www.mprinformatica.com.br\/blog\/wp-json\/wp\/v2\/media?parent=1741"}],"wp:term":[{"taxonomy":"category","embeddable":true,"href":"https:\/\/www.mprinformatica.com.br\/blog\/wp-json\/wp\/v2\/categories?post=1741"},{"taxonomy":"post_tag","embeddable":true,"href":"https:\/\/www.mprinformatica.com.br\/blog\/wp-json\/wp\/v2\/tags?post=1741"}],"curies":[{"name":"wp","href":"https:\/\/api.w.org\/{rel}","templated":true}]}}