{"id":27,"date":"2009-05-18T11:23:16","date_gmt":"2009-05-18T14:23:16","guid":{"rendered":"http:\/\/blog.mprinformatica.com.br\/2009\/05\/18\/mpr-informatica-ministra-curso-de-flash-para-a-9%c2%aa-turma-do-programa-de-treinamento-em-jornalismo-grafico\/"},"modified":"2009-05-18T11:23:16","modified_gmt":"2009-05-18T14:23:16","slug":"mpr-informatica-ministra-curso-de-flash-para-a-9%c2%aa-turma-do-programa-de-treinamento-em-jornalismo-grafico","status":"publish","type":"post","link":"https:\/\/www.mprinformatica.com.br\/blog\/2009\/05\/18\/mpr-informatica-ministra-curso-de-flash-para-a-9%c2%aa-turma-do-programa-de-treinamento-em-jornalismo-grafico\/","title":{"rendered":"MPR Inform\u00e1tica ministra Curso de Flash para a 9\u00aa turma do Programa de Treinamento em Jornalismo Gr\u00e1fico"},"content":{"rendered":"<p>Nos dias 13\/05\/2009 a 15\/05\/2009 a MPR Inform\u00e1tica ministrou o curso de Flash CS3 na modalidade in-company no Grupo Folha.<br \/>\nForam ao todo 8 selecionados que participam do programa + 4 convidados do Grupo Folha.<br \/>\nA turma estava dividida em pessoas que j\u00e1 conheciam o software e pessoas que eram iniciantes, ou seja, que nunca utilizaram o programa Flash.<br \/>\nO m\u00e9todo de ensino da MPR Inform\u00e1tica permitiu que cada participante realizasse o conte\u00fado proposto dentro de seu tempo, permitindo flexibilidade tanto para aqueles que j\u00e1 conheciam o conte\u00fado inicial, avan\u00e7ando para projetos mais complexos e para aqueles que desejavam praticar os primeiros exerc\u00edcios com mais calma.<br \/>\nO estudo do p\u00fablico-alvo do treinamento permitiu que a MPR Inform\u00e1tica preparar conte\u00fados e exerc\u00edcios direcionados como a cria\u00e7\u00e3o de infogr\u00e1ficos.<br \/>\nRecebemos a atribui\u00e7\u00e3o de 100% de satisfa\u00e7\u00e3o quanto a adequa\u00e7\u00e3o do conte\u00fado apresentado bem como o grau de satisfa\u00e7\u00e3o em ter realizado o treinamento.<\/p>\n<p><img decoding=\"async\" src=\"http:\/\/www.mprinformatica.com.br\/blog\/wp-content\/photos\/grupo_folha.jpg\" \/><\/p>\n<p><a href=\"http:\/\/www1.folha.uol.com.br\/folha\/treinamento\/ult76u555864.shtml\">http:\/\/www1.folha.uol.com.br\/folha\/treinamento\/ult76u555864.shtml<\/a><\/p>\n","protected":false},"excerpt":{"rendered":"<p>Nos dias 13\/05\/2009 a 15\/05\/2009 a MPR Inform\u00e1tica ministrou o curso de Flash CS3 na modalidade in-company no Grupo Folha. Foram ao todo 8 selecionados que participam do programa + 4 convidados do Grupo Folha. A turma estava dividida em pessoas que j\u00e1 conheciam o software e pessoas que eram iniciantes, ou seja, que nunca &hellip; <a href=\"https:\/\/www.mprinformatica.com.br\/blog\/2009\/05\/18\/mpr-informatica-ministra-curso-de-flash-para-a-9%c2%aa-turma-do-programa-de-treinamento-em-jornalismo-grafico\/\" class=\"more-link\">Continuar lendo <span class=\"screen-reader-text\">MPR Inform\u00e1tica ministra Curso de Flash para a 9\u00aa turma do Programa de Treinamento em Jornalismo Gr\u00e1fico<\/span><\/a><\/p>\n","protected":false},"author":2,"featured_media":0,"comment_status":"open","ping_status":"open","sticky":false,"template":"","format":"standard","meta":[],"categories":[22],"tags":[],"_links":{"self":[{"href":"https:\/\/www.mprinformatica.com.br\/blog\/wp-json\/wp\/v2\/posts\/27"}],"collection":[{"href":"https:\/\/www.mprinformatica.com.br\/blog\/wp-json\/wp\/v2\/posts"}],"about":[{"href":"https:\/\/www.mprinformatica.com.br\/blog\/wp-json\/wp\/v2\/types\/post"}],"author":[{"embeddable":true,"href":"https:\/\/www.mprinformatica.com.br\/blog\/wp-json\/wp\/v2\/users\/2"}],"replies":[{"embeddable":true,"href":"https:\/\/www.mprinformatica.com.br\/blog\/wp-json\/wp\/v2\/comments?post=27"}],"version-history":[{"count":0,"href":"https:\/\/www.mprinformatica.com.br\/blog\/wp-json\/wp\/v2\/posts\/27\/revisions"}],"wp:attachment":[{"href":"https:\/\/www.mprinformatica.com.br\/blog\/wp-json\/wp\/v2\/media?parent=27"}],"wp:term":[{"taxonomy":"category","embeddable":true,"href":"https:\/\/www.mprinformatica.com.br\/blog\/wp-json\/wp\/v2\/categories?post=27"},{"taxonomy":"post_tag","embeddable":true,"href":"https:\/\/www.mprinformatica.com.br\/blog\/wp-json\/wp\/v2\/tags?post=27"}],"curies":[{"name":"wp","href":"https:\/\/api.w.org\/{rel}","templated":true}]}}