{"id":9,"date":"2009-03-24T18:06:12","date_gmt":"2009-03-24T21:06:12","guid":{"rendered":"http:\/\/blog.mprinformatica.com.br\/2009\/03\/24\/alinhamento-de-imagem-no-coreldraw\/"},"modified":"2009-03-24T18:06:12","modified_gmt":"2009-03-24T21:06:12","slug":"alinhamento-de-imagem-no-coreldraw","status":"publish","type":"post","link":"https:\/\/www.mprinformatica.com.br\/blog\/2009\/03\/24\/alinhamento-de-imagem-no-coreldraw\/","title":{"rendered":"Alinhamento de imagem no CorelDRAW"},"content":{"rendered":"<p>Quando inserimos uma imagem em um projeto com texto no CorelDRAW, o texto n\u00e3o sofre nenhuma altera\u00e7\u00e3o, mesmo quando a imagem \u00e9 colocada por cima do texto.<br \/>\nObserve a ilustra\u00e7\u00e3o abaixo:<\/p>\n<p><img decoding=\"async\" src=\"http:\/\/www.mprinformatica.com.br\/blog\/wp-content\/photos\/raposa1.gif\" \/><\/p>\n<p>Clique com o bot\u00e3o direito do mouse na imagem e escolha: Quebrar texto do par\u00e1grafo<\/p>\n<p><img decoding=\"async\" src=\"http:\/\/www.mprinformatica.com.br\/blog\/wp-content\/photos\/raposa2.gif\" \/><\/p>\n<p>Na barra de propriedades, clicando no bot\u00e3o Quebrar texto do par\u00e1grafo para testar outros tipos de alinhamento e dist\u00e2ncia do deslocamento da imagem em rela\u00e7\u00e3o ao texto.<\/p>\n<p><img decoding=\"async\" src=\"http:\/\/www.mprinformatica.com.br\/blog\/wp-content\/photos\/raposa3.gif\" \/><\/p>\n<p>Observe outro tipo de configura\u00e7\u00e3o:<\/p>\n<p><img decoding=\"async\" src=\"http:\/\/www.mprinformatica.com.br\/blog\/wp-content\/photos\/raposa4.gif\" \/><\/p>\n<p><a href=\"http:\/\/www.mprinformatica.com.br\/coreldraw.html\">Clique aqui &#8211; Curso de CorelDRAW &#8211; MPR Inform\u00e1tica<\/a><\/p>\n","protected":false},"excerpt":{"rendered":"<p>Quando inserimos uma imagem em um projeto com texto no CorelDRAW, o texto n\u00e3o sofre nenhuma altera\u00e7\u00e3o, mesmo quando a imagem \u00e9 colocada por cima do texto. Observe a ilustra\u00e7\u00e3o abaixo: Clique com o bot\u00e3o direito do mouse na imagem e escolha: Quebrar texto do par\u00e1grafo Na barra de propriedades, clicando no bot\u00e3o Quebrar texto &hellip; <a href=\"https:\/\/www.mprinformatica.com.br\/blog\/2009\/03\/24\/alinhamento-de-imagem-no-coreldraw\/\" class=\"more-link\">Continuar lendo <span class=\"screen-reader-text\">Alinhamento de imagem no CorelDRAW<\/span><\/a><\/p>\n","protected":false},"author":4,"featured_media":0,"comment_status":"open","ping_status":"open","sticky":false,"template":"","format":"standard","meta":[],"categories":[26,4],"tags":[],"_links":{"self":[{"href":"https:\/\/www.mprinformatica.com.br\/blog\/wp-json\/wp\/v2\/posts\/9"}],"collection":[{"href":"https:\/\/www.mprinformatica.com.br\/blog\/wp-json\/wp\/v2\/posts"}],"about":[{"href":"https:\/\/www.mprinformatica.com.br\/blog\/wp-json\/wp\/v2\/types\/post"}],"author":[{"embeddable":true,"href":"https:\/\/www.mprinformatica.com.br\/blog\/wp-json\/wp\/v2\/users\/4"}],"replies":[{"embeddable":true,"href":"https:\/\/www.mprinformatica.com.br\/blog\/wp-json\/wp\/v2\/comments?post=9"}],"version-history":[{"count":0,"href":"https:\/\/www.mprinformatica.com.br\/blog\/wp-json\/wp\/v2\/posts\/9\/revisions"}],"wp:attachment":[{"href":"https:\/\/www.mprinformatica.com.br\/blog\/wp-json\/wp\/v2\/media?parent=9"}],"wp:term":[{"taxonomy":"category","embeddable":true,"href":"https:\/\/www.mprinformatica.com.br\/blog\/wp-json\/wp\/v2\/categories?post=9"},{"taxonomy":"post_tag","embeddable":true,"href":"https:\/\/www.mprinformatica.com.br\/blog\/wp-json\/wp\/v2\/tags?post=9"}],"curies":[{"name":"wp","href":"https:\/\/api.w.org\/{rel}","templated":true}]}}